{"id":1234,"date":"2023-02-02T10:51:20","date_gmt":"2023-02-02T08:51:20","guid":{"rendered":"http:\/\/cngi.iasi.rdsnet.ro\/?p=1234"},"modified":"2023-02-02T10:51:20","modified_gmt":"2023-02-02T08:51:20","slug":"file-de-istorie","status":"publish","type":"post","link":"https:\/\/cngi.ro\/?p=1234","title":{"rendered":"File de istorie"},"content":{"rendered":"<h2 style=\"text-align: center;\">COLEGIUL NA\u0162IONAL \u201eGARABET IBR\u0102ILEANU\u201d, IA\u015eI<br \/>\nSCURT ISTORIC<\/h2>\n<p><img loading=\"lazy\" decoding=\"async\" class=\" wp-image-1235 aligncenter\" src=\"https:\/\/cngi.ro\/wp-content\/uploads\/2023\/02\/GI-1-300x264.png\" alt=\"\" width=\"213\" height=\"188\" srcset=\"https:\/\/cngi.ro\/wp-content\/uploads\/2023\/02\/GI-1-300x264.png 300w, https:\/\/cngi.ro\/wp-content\/uploads\/2023\/02\/GI-1.png 446w\" sizes=\"auto, (max-width: 213px) 100vw, 213px\" \/><\/p>\n<p><strong>1899<\/strong> (1 noiembrie) \u2013 se inaugureaz\u0103 cursurile clasei I a <span style=\"text-decoration: underline;\">\u015ecolii de aplica\u0163ie<\/span> (Seminarul Pedagogic Universitar). P\u00e2n\u0103 \u00een 1906 \u015fcoala a func\u0163ionat cu o singur\u0103 clas\u0103.<br \/>\n<strong>1906<\/strong> \u2013 se construiesc noi s\u0103li de clas\u0103, se amenajeaz\u0103 o sal\u0103 de gimnastic\u0103 \u015fi o bibliotec\u0103. Se adaug\u0103 noi materii la clasa a VIII-a.<br \/>\n<strong>1912<\/strong> \u2013 se elibereaz\u0103 primele certificate de absolvire \u00een urma sus\u0163inerii unui examen de absolvire a liceului, pre\u015fedinte fiind I. Simionescu, eminent om de \u015ftiin\u0163\u0103.<br \/>\n<strong>1916 \u2013 1918<\/strong> &#8211; \u015fcoala ad\u0103poste\u015fte serviciul militar, po\u015fta armatei ruse \u015fi \u00eel g\u0103zduie\u015fte pe Alexandru Vlahu\u0163\u0103.<br \/>\n<strong>1919<\/strong> \u2013 \u015fcoala func\u0163ioneaz\u0103 cu patru clase (dou\u0103 curs inferior, dou\u0103 curs superior).<br \/>\n<strong>1933 \u2013 1934<\/strong> \u2013 \u015fcoala func\u0163ioneaz\u0103 cu \u015fase clase, dintre care patru de liceu.<br \/>\n<strong>1938<\/strong> \u2013 ciclul liceal este complet; \u015ecoala de aplica\u0163ie ia denumirea de <span style=\"text-decoration: underline;\">Liceu de aplica\u0163ie<\/span> \u015fi \u00ee\u015fi mut\u0103 sediul \u00eentr-o cl\u0103dire nou\u0103 cu 7 clase, bibliotec\u0103, laborator, cancelarie. Prin Legea \u201eArmand C\u0103linescu\u201d pentru organizarea \u00eenv\u0103\u0163\u0103m\u00e2ntului se hot\u0103r\u0103\u015fte \u00eenfiin\u0163area \u015ecolii normale superioare \u00een vederea preg\u0103tirii viitorilor profesori. Liceul de aplica\u0163ie al Seminarului pedagogic devine <span style=\"text-decoration: underline;\">Liceu de aplica\u0163ie a \u015ecolii normale superioare<\/span>.<br \/>\n<strong>1944<\/strong> \u2013 corpul didactic \u015fi averea \u015fcolii sunt evacuate, refugiindu-se \u00eempreun\u0103 cu universitatea \u00een Banat \u015fi Transilvania (Liceul de aplica\u0163ie \u00een comuna Balintz). \u00cen luna iunie liceul este bombardat \u015fi grav avariat, dar arhiva, biblioteca \u015fi o mare parte din mobilier sunt salvate. \u00cen Balintz, cu elevii Liceului de aplica\u0163ie, s-a organizat o serie complet\u0103 de clase. Dup\u0103 23 august, localul \u015fcolii a servit ca lag\u0103r pentru prizonieri.<br \/>\n<strong>1945<\/strong> (12 martie) \u2013 Liceul de aplica\u0163ie revine la Ia\u015fi, iar la 9 aprilie, cu aprobarea Ministerului \u00cenv\u0103\u0163\u0103m\u00e2ntului, cursurile re\u00eencep cu nou\u0103 clase.<br \/>\n<strong>1948<\/strong> (1 septembrie) \u2013 Liceul de aplica\u0163ie este transformat \u00een liceu clasic, av\u00e2nd \u015fi clasele I \u2013 IV. Pentru clasa a VIII-a se d\u0103 examen de admitere. Latina se preda \u00een clasa a VIII-a, iar greaca \u00een clasele IX \u2013 XII.<br \/>\n<strong>1955<\/strong> \u2013 prin HCM nr. 1564\/1955 liceul clasic se desfiin\u0163eaz\u0103, devenind \u015fcoal\u0103 medie de 10 ani. Printr-o decizie a Sec\u0163iei de \u00cenv\u0103\u0163\u0103m\u00e2nt i se d\u0103 denumirea de <span style=\"text-decoration: underline;\">\u015ecoala medie nr. 2 \u2013 fete<\/span>.<br \/>\n<strong>1956<\/strong> \u2013 are loc mixtarea \u015fcolii \u015fi i se schimb\u0103 denumirea \u00een <span style=\"text-decoration: underline;\">\u015ecoala medie nr. 4<\/span>. Aceasta func\u0163ioneaz\u0103 cu 17 clase curs de zi \u015fi 12 clase curs seral. I se repartizeaz\u0103 un internat al fostei \u015fcoli pedagogice.<br \/>\n<strong>1960 \u2013 1961<\/strong> \u2013 liceul cuprinde 23 de clase.<br \/>\n<strong>1962<\/strong> \u2013 \u015fcoala <span style=\"text-decoration: underline;\">se mut\u0103 \u00een actualul spa\u0163iu<\/span> situat \u00een strada Oastei, nr.1 \u015fi prin Ordinul Ministrului, la cererea cadrelor didactice, prime\u015fte denumirea de <span style=\"text-decoration: underline;\">Liceul \u201eGarabet Ibr\u0103ileanu\u201d<\/span>.<br \/>\n<strong>1966 \u2013 1967<\/strong> \u2013 liceul devine, de la clasa a IX-a, liceu de fete, fiind ales de c\u0103tre M.E.\u00ce. ca <span style=\"text-decoration: underline;\">liceu experimental pentru studierea limbilor moderne<\/span> \u00eencep\u00e2nd cu clasa a III-a.<br \/>\n<strong>1970 \u2013 1971<\/strong> \u2013 limbile str\u0103ine se studiaz\u0103 de la clasa I. Liceul func\u0163ioneaz\u0103 cu 42 de clase.<br \/>\n<strong>1973<\/strong> \u2013 printr-un H.C.M. din l8-19 iunie 1973, <span style=\"text-decoration: underline;\">liceul devine real-umanist<\/span> \u015fi func\u0163ioneaz\u0103 cu acest profil p\u00e2n\u0103 la \u00eenceputul anului 1977.<br \/>\n<strong>1977<\/strong> \u2013 printr-un Decret Preziden\u0163ial, <span style=\"text-decoration: underline;\">liceul devine industrial<\/span> cu profil mecanic \u015fi de construc\u0163ii hidrotehnice sub denumirea de <span style=\"text-decoration: underline;\">Liceul Industrial Hidrotehnic \u201eG. Ibr\u0103ileanu\u201d<\/span>. A func\u0163ionat cu un num\u0103r de 37 clase. Pe l\u00e2ng\u0103 clasele cu profil hidrotehnic au mai existat \u015fi cele cu profil filologie \u00een lichidare, precum \u015fi c\u00e2te o clas\u0103 pentru fiecare treapt\u0103, cu <span style=\"text-decoration: underline;\">profil de matematic\u0103-fizic\u0103<\/span>.<br \/>\n<strong>1991<\/strong> \u2013 prin adresa M.E.\u00ce. nr. 45816\/15.11.1991 liceul redevine <span style=\"text-decoration: underline;\">real-umanist<\/span> sub denumirea de <span style=\"text-decoration: underline;\">Liceul Teoretic <\/span><span style=\"text-decoration: underline;\">\u201eGarabet Ibr\u0103ileanu\u201d<\/span>.<br \/>\n<strong>2001<\/strong> (15 septembrie) \u2013 se inaugureaz\u0103 o modern\u0103 sal\u0103 de sport.<br \/>\n<strong>2007<\/strong> \u2013 liceului i se acord\u0103 titlul de <em><strong>\u015eCOAL\u0102 EUROPEAN\u0102<\/strong><\/em>.<br \/>\n<strong>2009<\/strong> \u2013 liceul este admis \u00een <strong>Alian\u0163a Colegiilor Centenare<\/strong>.<br \/>\n<strong>2010<\/strong> \u2013 liceului i se acord\u0103, pentru a doua oar\u0103, titlul de <em><strong>\u015eCOAL\u0102 EUROPEAN\u0102<\/strong><\/em>.<br \/>\n<strong>2010<\/strong> \u2013 liceului i se acord\u0103, de c\u0103tre Ministerul Educa\u021biei, <em><strong>DIPLOMA DE EXCELEN\u021a\u0102 INSTITU\u021aIONAL\u0102<\/strong><\/em>.<br \/>\n<strong>2010<\/strong> \u2013 liceului i se acord\u0103, de c\u0103tre Inspectoratul \u0218colar Jude\u021bean Ia\u0219i, <em><strong>DIPLOMA DE MERIT<\/strong><\/em>.<br \/>\n<strong>2010<\/strong> \u2013 prin ordinul MECTS nr. 4169\/15.06.2010 se aprob\u0103 schimbarea denumirii Liceului Teoretic \u201eGarabet Ibr\u0103ileanu\u201d \u00een <strong>Colegiul Na\u0163ional \u201eGarabet Ibr\u0103ileanu\u201d<\/strong> \u00eencep\u00e2nd cu anul \u015fcolar 2010-2011.<br \/>\n<strong>2012<\/strong> \u2013 preluarea, \u00eencep\u00e2nd cu data de 01.09.2012, personalului, arhivei \u0219i patrimoniului <strong>Gr\u0103dini\u0163ei cu Program Prelungit nr. 10 Ia\u015fi<\/strong>, cu unit\u0103\u0163ile din subordine &#8211; Gr\u0103dini\u0163a cu Program Normal nr. 16 Ia\u015fi \u015fi Gr\u0103dini\u0163a cu Program Normal nr. 14 \u015fi a personalului <strong>Gr\u0103dini\u0163ei cu Program Prelungit Hecuba<\/strong> (Decizia I.S.J. Ia\u0219i nr. 976\/20.02.2012 privind reorganizarea re\u021belei \u0219colare a jude\u021bului Ia\u0219i, completat\u0103 cu Decizia I.S.J. Ia\u0219i nr. 1123\/01.06.2012 \u0219i HCL 86\/29.02.2012).<br \/>\n<strong>2013<\/strong> \u2013 colegiului i se acord\u0103, pentru a treia oar\u0103, titlul de <em><strong>\u015eCOAL\u0102 EUROPEAN\u0102<\/strong><\/em>.<br \/>\n<strong>2013<\/strong> \u2013 colegiului i se acord\u0103, de c\u0103tre Comisia pentru \u00cenv\u0103\u021b\u0103m\u00e2nt, \u0218tiin\u021b\u0103, Tineret \u0219i Sport din Senatul Rom\u00e2niei, <em><strong>DIPLOMA DE MERIT<\/strong><\/em>.<br \/>\n<strong>2015<\/strong> \u2013 colegiului i se acord\u0103, de c\u0103tre Inspectoratul \u0218colar Jude\u021bean Ia\u0219i, <em><strong>DIPLOMA DE EXCELEN\u021a\u0102<\/strong><\/em>.<br \/>\n<strong>2016<\/strong> \u2013 colegiului i se acord\u0103, pentru a patra oar\u0103, titlul de <em><strong>\u015eCOAL\u0102 EUROPEAN\u0102<\/strong><\/em>.<br \/>\n<strong>2016<\/strong> \u2013 colegiului i se acord\u0103, de c\u0103tre Comisia pentru \u00cenv\u0103\u021b\u0103m\u00e2nt, \u0218tiin\u021b\u0103, Tineret \u0219i Sport din Senatul Rom\u00e2niei, <em><strong>DIPLOMA DE ONOARE<\/strong><\/em>.<br \/>\n<strong>2019<\/strong> \u2013 colegiului i se acord\u0103, pentru a cincea oar\u0103 consecutiv, titlul de <em><strong>\u015eCOAL\u0102 EUROPEAN\u0102<\/strong><\/em>.<\/p>\n","protected":false},"excerpt":{"rendered":"<p>COLEGIUL NA\u0162IONAL \u201eGARABET IBR\u0102ILEANU\u201d, IA\u015eI SCURT ISTORIC 1899 (1 noiembrie) \u2013 se inaugureaz\u0103 cursurile clasei I a \u015ecolii de aplica\u0163ie (Seminarul Pedagogic Universitar). P\u00e2n\u0103 \u00een 1906 \u015fcoala a func\u0163ionat cu o singur\u0103 clas\u0103. 1906 \u2013 se construiesc noi s\u0103li de clas\u0103, se amenajeaz\u0103 o sal\u0103 de gimnastic\u0103 \u015fi o bibliotec\u0103. Se adaug\u0103 noi materii la&#8230;<\/p>\n","protected":false},"author":1,"featured_media":0,"comment_status":"closed","ping_status":"closed","sticky":false,"template":"","format":"standard","meta":{"_coblocks_attr":"","_coblocks_dimensions":"","_coblocks_responsive_height":"","_coblocks_accordion_ie_support":"","_uag_custom_page_level_css":"","_kadence_starter_templates_imported_post":false,"_kad_post_transparent":"","_kad_post_title":"","_kad_post_layout":"normal","_kad_post_sidebar_id":"","_kad_post_content_style":"","_kad_post_vertical_padding":"","_kad_post_feature":"","_kad_post_feature_position":"","_kad_post_header":false,"_kad_post_footer":false,"_kad_post_classname":"","footnotes":""},"categories":[13],"tags":[],"class_list":["post-1234","post","type-post","status-publish","format-standard","hentry","category-biblioteca"],"uagb_featured_image_src":{"full":false,"thumbnail":false,"medium":false,"medium_large":false,"large":false,"1536x1536":false,"2048x2048":false},"uagb_author_info":{"display_name":"admin","author_link":"https:\/\/cngi.ro\/?author=1"},"uagb_comment_info":0,"uagb_excerpt":"COLEGIUL NA\u0162IONAL \u201eGARABET IBR\u0102ILEANU\u201d, IA\u015eI SCURT ISTORIC 1899 (1 noiembrie) \u2013 se inaugureaz\u0103 cursurile clasei I a \u015ecolii de aplica\u0163ie (Seminarul Pedagogic Universitar). P\u00e2n\u0103 \u00een 1906 \u015fcoala a func\u0163ionat cu o singur\u0103 clas\u0103. 1906 \u2013 se construiesc noi s\u0103li de clas\u0103, se amenajeaz\u0103 o sal\u0103 de gimnastic\u0103 \u015fi o bibliotec\u0103. Se adaug\u0103 noi materii la...","_links":{"self":[{"href":"https:\/\/cngi.ro\/index.php?rest_route=\/wp\/v2\/posts\/1234","targetHints":{"allow":["GET"]}}],"collection":[{"href":"https:\/\/cngi.ro\/index.php?rest_route=\/wp\/v2\/posts"}],"about":[{"href":"https:\/\/cngi.ro\/index.php?rest_route=\/wp\/v2\/types\/post"}],"author":[{"embeddable":true,"href":"https:\/\/cngi.ro\/index.php?rest_route=\/wp\/v2\/users\/1"}],"replies":[{"embeddable":true,"href":"https:\/\/cngi.ro\/index.php?rest_route=%2Fwp%2Fv2%2Fcomments&post=1234"}],"version-history":[{"count":0,"href":"https:\/\/cngi.ro\/index.php?rest_route=\/wp\/v2\/posts\/1234\/revisions"}],"wp:attachment":[{"href":"https:\/\/cngi.ro\/index.php?rest_route=%2Fwp%2Fv2%2Fmedia&parent=1234"}],"wp:term":[{"taxonomy":"category","embeddable":true,"href":"https:\/\/cngi.ro\/index.php?rest_route=%2Fwp%2Fv2%2Fcategories&post=1234"},{"taxonomy":"post_tag","embeddable":true,"href":"https:\/\/cngi.ro\/index.php?rest_route=%2Fwp%2Fv2%2Ftags&post=1234"}],"curies":[{"name":"wp","href":"https:\/\/api.w.org\/{rel}","templated":true}]}}