{"id":3981,"date":"2026-09-04T14:14:35","date_gmt":"2026-09-04T12:14:35","guid":{"rendered":"https:\/\/cngi.ro\/?p=3981"},"modified":"2026-09-04T14:14:37","modified_gmt":"2026-09-04T12:14:37","slug":"festivitatea-de-deschidere-a-noului-an-scolar-2026-2027","status":"publish","type":"post","link":"https:\/\/cngi.ro\/?p=3981","title":{"rendered":"FESTIVITATEA DE DESCHIDERE A NOULUI AN \u0218COLAR 2026-2027"},"content":{"rendered":"<style>.wp-block-kadence-column.kb-section-dir-horizontal > .kt-inside-inner-col > .kt-info-box3981_7bb548-a6 .kt-blocks-info-box-link-wrap{max-width:unset;}.kt-info-box3981_7bb548-a6 .kt-blocks-info-box-link-wrap{border-top:5px solid var(--global-palette7, #eeeeee);border-right:5px solid var(--global-palette7, #eeeeee);border-bottom:5px solid var(--global-palette7, #eeeeee);border-left:5px solid var(--global-palette7, #eeeeee);border-top-left-radius:30px;border-top-right-radius:30px;border-bottom-right-radius:30px;border-bottom-left-radius:30px;background:#ffffff;padding-top:var(--global-kb-spacing-xs, 1rem);padding-right:var(--global-kb-spacing-xs, 1rem);padding-bottom:var(--global-kb-spacing-xs, 1rem);padding-left:var(--global-kb-spacing-xs, 1rem);}.kt-info-box3981_7bb548-a6 .kadence-info-box-icon-container .kt-info-svg-icon, .kt-info-box3981_7bb548-a6 .kt-info-svg-icon-flip, .kt-info-box3981_7bb548-a6 .kt-blocks-info-box-number{font-size:50px;}.kt-info-box3981_7bb548-a6 .kt-blocks-info-box-media{border-color:var(--global-palette7, #eeeeee);border-radius:200px;overflow:hidden;border-top-width:0px;border-right-width:0px;border-bottom-width:0px;border-left-width:0px;padding-top:20px;padding-right:20px;padding-bottom:20px;padding-left:20px;margin-top:0px;margin-right:20px;margin-bottom:0px;margin-left:0px;}.kt-info-box3981_7bb548-a6 .kt-blocks-info-box-media .kadence-info-box-image-intrisic img{border-radius:200px;}.kt-info-box3981_7bb548-a6 .kt-infobox-textcontent h2.kt-blocks-info-box-title{padding-top:0px;padding-right:0px;padding-bottom:0px;padding-left:0px;margin-top:5px;margin-right:0px;margin-bottom:10px;margin-left:0px;}.kt-info-box3981_7bb548-a6 .kt-blocks-info-box-learnmore{background:transparent;border-width:0px 0px 0px 0px;padding-top:4px;padding-right:8px;padding-bottom:4px;padding-left:8px;margin-top:10px;margin-right:0px;margin-bottom:10px;margin-left:0px;}@media all and (max-width: 1024px){.kt-info-box3981_7bb548-a6 .kt-blocks-info-box-link-wrap{border-top:5px solid var(--global-palette7, #eeeeee);border-right:5px solid var(--global-palette7, #eeeeee);border-bottom:5px solid var(--global-palette7, #eeeeee);border-left:5px solid var(--global-palette7, #eeeeee);}}@media all and (max-width: 767px){.kt-info-box3981_7bb548-a6 .kt-blocks-info-box-link-wrap{border-top:5px solid var(--global-palette7, #eeeeee);border-right:5px solid var(--global-palette7, #eeeeee);border-bottom:5px solid var(--global-palette7, #eeeeee);border-left:5px solid var(--global-palette7, #eeeeee);}}<\/style>\n<div class=\"wp-block-kadence-infobox kt-info-box3981_7bb548-a6\"><span class=\"kt-blocks-info-box-link-wrap info-box-link kt-blocks-info-box-media-align-left kt-info-halign-left\" aria-label=\"FESTIVITATEA DE DESCHIDERE A NOULUI AN \u0218COLAR 2026-2027\"><div class=\"kt-blocks-info-box-media-container\"><div class=\"kt-blocks-info-box-media kt-info-media-animate-none\"><div class=\"kadence-info-box-icon-container kt-info-icon-animate-none\"><div class=\"kadence-info-box-icon-inner-container\"><span class=\"kb-svg-icon-wrap kb-svg-icon-ic_book kt-info-svg-icon\"><svg viewBox=\"0 0 8 8\"  fill=\"currentColor\" xmlns=\"http:\/\/www.w3.org\/2000\/svg\"  aria-hidden=\"true\"><path d=\"M1 0c-.07 0-.13.01-.19.03-.39.08-.7.39-.78.78-.03.06-.03.12-.03.19v5.5c0 .83.67 1.5 1.5 1.5h5.5v-1h-5.5c-.28 0-.5-.22-.5-.5s.22-.5.5-.5h5.5v-5.5c0-.28-.22-.5-.5-.5h-.5v3l-1-1-1 1v-3h-3z\"\/><\/svg><\/span><\/div><\/div><\/div><\/div><div class=\"kt-infobox-textcontent\"><h2 class=\"kt-blocks-info-box-title\">FESTIVITATEA DE DESCHIDERE A NOULUI AN \u0218COLAR 2026-2027<\/h2><p class=\"kt-blocks-info-box-text\"><br><strong>PROGRAM:<\/strong><br><strong>\u00a0<\/strong><br>1. Imnul Na\u021bional al Rom\u00e2niei<br>2. Cuv\u00e2nt de deschidere:<br>     &#8211; Directorul Colegiului Na\u021bional \u201cGarabet Ibr\u0103ileanu\u201d Ia\u0219i<br>3. Primirea elevilor de la Clasele Preg\u0103titoare<br>4. Alocu\u021biuni ale invita\u021bilor<br>5. Cuv\u00e2ntul pre\u0219edintelui Consiliului Reprezentativ al P\u0103rin\u021bilor<br>6. Cuv\u00e2ntul pre\u0219edintelui Consiliului Elevilor<br>\u00a0<br><strong>LOC DE DESF\u0102\u0218URARE:<\/strong> terenul de sport al Colegiului Na\u021bional \u201cGarabet Ibr\u0103ileanu\u201d Ia\u0219i<br><strong>Pentru o bun\u0103 organizare, adres\u0103m rug\u0103mintea ca prezen\u021ba elevilor, p\u0103rin\u021bilor \u0219i profesorilor s\u0103 se realizeze \u00een intervalul orar 09:30 \u2013 09:45.<\/strong><br>\u00a0<br>V\u0103 a\u0219tept\u0103m cu drag!<br><br><strong>Conducerea Colegiului Na\u021bional \u201cGarabet Ibr\u0103ileanu\u201d Ia\u0219i<\/strong><\/p><\/div><\/span><\/div>\n","protected":false},"excerpt":{"rendered":"","protected":false},"author":1,"featured_media":0,"comment_status":"closed","ping_status":"open","sticky":false,"template":"","format":"standard","meta":{"_coblocks_attr":"","_coblocks_dimensions":"","_coblocks_responsive_height":"","_coblocks_accordion_ie_support":"","_uag_custom_page_level_css":"","_kadence_starter_templates_imported_post":false,"_kad_post_transparent":"","_kad_post_title":"","_kad_post_layout":"","_kad_post_sidebar_id":"","_kad_post_content_style":"","_kad_post_vertical_padding":"","_kad_post_feature":"","_kad_post_feature_position":"","_kad_post_header":false,"_kad_post_footer":false,"_kad_post_classname":"","footnotes":""},"categories":[2],"tags":[],"class_list":["post-3981","post","type-post","status-publish","format-standard","hentry","category-anunturi"],"uagb_featured_image_src":{"full":false,"thumbnail":false,"medium":false,"medium_large":false,"large":false,"1536x1536":false,"2048x2048":false},"uagb_author_info":{"display_name":"admin","author_link":"https:\/\/cngi.ro\/?author=1"},"uagb_comment_info":0,"uagb_excerpt":null,"_links":{"self":[{"href":"https:\/\/cngi.ro\/index.php?rest_route=\/wp\/v2\/posts\/3981","targetHints":{"allow":["GET"]}}],"collection":[{"href":"https:\/\/cngi.ro\/index.php?rest_route=\/wp\/v2\/posts"}],"about":[{"href":"https:\/\/cngi.ro\/index.php?rest_route=\/wp\/v2\/types\/post"}],"author":[{"embeddable":true,"href":"https:\/\/cngi.ro\/index.php?rest_route=\/wp\/v2\/users\/1"}],"replies":[{"embeddable":true,"href":"https:\/\/cngi.ro\/index.php?rest_route=%2Fwp%2Fv2%2Fcomments&post=3981"}],"version-history":[{"count":1,"href":"https:\/\/cngi.ro\/index.php?rest_route=\/wp\/v2\/posts\/3981\/revisions"}],"predecessor-version":[{"id":3982,"href":"https:\/\/cngi.ro\/index.php?rest_route=\/wp\/v2\/posts\/3981\/revisions\/3982"}],"wp:attachment":[{"href":"https:\/\/cngi.ro\/index.php?rest_route=%2Fwp%2Fv2%2Fmedia&parent=3981"}],"wp:term":[{"taxonomy":"category","embeddable":true,"href":"https:\/\/cngi.ro\/index.php?rest_route=%2Fwp%2Fv2%2Fcategories&post=3981"},{"taxonomy":"post_tag","embeddable":true,"href":"https:\/\/cngi.ro\/index.php?rest_route=%2Fwp%2Fv2%2Ftags&post=3981"}],"curies":[{"name":"wp","href":"https:\/\/api.w.org\/{rel}","templated":true}]}}